{"id":760,"date":"2018-11-22T11:39:41","date_gmt":"2018-11-22T11:39:41","guid":{"rendered":"https:\/\/www.weisswurstbayern.de\/?p=760"},"modified":"2020-11-09T21:36:33","modified_gmt":"2020-11-09T21:36:33","slug":"weisswurstsenf","status":"publish","type":"post","link":"https:\/\/www.weisswurstbayern.de\/?p=760","title":{"rendered":"Weltbester Wei\u00dfwurstsenf"},"content":{"rendered":"\n<h4 class=\"wp-block-heading\">Der vielleicht beste Wei\u00dfwurstsenf der Welt im Berliner Gourmet-Tempel \u201eKaDeWe\u201c<\/h4>\n\n\n\n<p class=\"wp-block-paragraph\"><strong>Bodenmais\/Berlin<\/strong>: Das ist quasi der Ritterschlag. Der in Bodenmais kreierte \u201eK\u00f6nigliche Wei\u00dfwurstsenf\u201c wird im gr\u00f6\u00dften Luxus-Kaufhaus \u201eKaDeWe\u201c auf der Gourmet-Etage im 6. Stock den Feinschmeckern aus aller Welt angeboten. Neben viel Lob auf Ministerebene, und mit einer Goldmedaille ausgezeichnet, ist ein Platz im \u201eKaDeWe\u201c f\u00fcr die Erfinder eine weitere Auszeichnung und auch Best\u00e4tigung, dass mit dieser Mixtur ein gro\u00dfer Wurf gelungen ist.&nbsp;<\/p>\n\n\n\n<blockquote class=\"wp-block-quote is-layout-flow wp-block-quote-is-layout-flow\"><p> Lieber Bertl. Der Senf ist echt der Kracher, und wenn du es vielleicht nicht h\u00f6ren m\u00f6chtest, er ist auch zum K\u00e4se eine Super Sache. Er passt voll dazu. Endlich mal ein s\u00fc\u00dfer Senf der Geschmack und Charakter hat. F\u00fcr mich der weltbeste Wei\u00dfwurstsenf. Wirklich toll. Herzlichen Gl\u00fcckwunsch <\/p><cite>Wolfgang M\u00fcller, Sternekoch aus Berlin<\/cite><\/blockquote>\n\n\n\n<div class=\"wp-block-image\"><figure class=\"aligncenter size-large is-resized\"><img fetchpriority=\"high\" decoding=\"async\" src=\"https:\/\/www.weisswurstbayern.de\/wp-content\/uploads\/2020\/11\/000-Wolfgang-Mueller-1024x768.jpg\" alt=\"\" class=\"wp-image-3613\" width=\"421\" height=\"316\" srcset=\"https:\/\/www.weisswurstbayern.de\/wp-content\/uploads\/2020\/11\/000-Wolfgang-Mueller-1024x768.jpg 1024w, https:\/\/www.weisswurstbayern.de\/wp-content\/uploads\/2020\/11\/000-Wolfgang-Mueller-300x225.jpg 300w, https:\/\/www.weisswurstbayern.de\/wp-content\/uploads\/2020\/11\/000-Wolfgang-Mueller-768x576.jpg 768w, https:\/\/www.weisswurstbayern.de\/wp-content\/uploads\/2020\/11\/000-Wolfgang-Mueller-1140x855.jpg 1140w, https:\/\/www.weisswurstbayern.de\/wp-content\/uploads\/2020\/11\/000-Wolfgang-Mueller.jpg 1200w\" sizes=\"(max-width: 421px) 100vw, 421px\" \/><figcaption><strong>Wolfgang M\u00fcller, Sternekoch, Berlin<\/strong><\/figcaption><\/figure><\/div>\n\n\n\n<p class=\"wp-block-paragraph\"> Stefan Einsle, Innungsobermeister der\u00a0<strong><a rel=\"noreferrer noopener\" href=\"http:\/\/www.mymetzger.de\/\" target=\"_blank\">Metzgerinnung ArberLand<\/a><\/strong> und die Zwieseler Roswitha N\u00f6tzel und Albert Fritz sind nat\u00fcrlich stolz \u00fcber diesen Erfolg.\u00a0Stefan Einsle meint hierzu: \u201eDass unser Senf aus dem ArberLand dort pr\u00e4sentiert wird, erf\u00fcllt uns mit Stolz.\u201c\u00a0<\/p>\n\n\n\n<p class=\"wp-block-paragraph\">Mit-Erfinderin Roswitha N\u00f6tzel erg\u00e4nzt, nicht weniger zufrieden:\u00a0\u201eDie viele Stunden des Testens, Kreierens und Wieder-Verwerfens, bis das Ergebnis unseren Vorstellungen entsprochen hat, haben sich bezahlt gemacht!\u201c<\/p>\n\n\n\n<div class=\"wp-block-image\"><figure class=\"alignleft is-resized\"><img decoding=\"async\" src=\"https:\/\/www.weisswurstbayern.de\/wp-content\/uploads\/2018\/11\/0000000-klein-WeisswurstSenf-335ml-Einsle-freigestellt-1.png\" alt=\"\" class=\"wp-image-761\" width=\"156\" height=\"239\" srcset=\"https:\/\/www.weisswurstbayern.de\/wp-content\/uploads\/2018\/11\/0000000-klein-WeisswurstSenf-335ml-Einsle-freigestellt-1.png 435w, https:\/\/www.weisswurstbayern.de\/wp-content\/uploads\/2018\/11\/0000000-klein-WeisswurstSenf-335ml-Einsle-freigestellt-1-196x300.png 196w\" sizes=\"(max-width: 156px) 100vw, 156px\" \/><figcaption><strong>Der vielleicht beste Wei\u00dfwurstsenf der Welt<\/strong><\/figcaption><\/figure><\/div>\n\n\n\n<p class=\"wp-block-paragraph\">Und was ist nun das Geheimis f\u00fcr den Erfolg dieses optimalen Begleiters der Wei\u00dfwurst?&nbsp;<\/p>\n\n\n\n<p class=\"wp-block-paragraph\">Gerhard Garnreiter, Chef der&nbsp;<strong><a rel=\"noopener noreferrer\" href=\"http:\/\/www.baumann-senf.de\/\" target=\"_blank\">Senfmanufaktur Baumann<\/a><\/strong> bemerkt:&nbsp;\u201eSeine cremige Konsistenz, die leichte S\u00fc\u00dfe, Gew\u00fcrze, die so noch nicht in einem Senfrezept vorgekommen sind, und das dunkle Bier \u2013 im Abgang eine Spur Sch\u00e4rfe. Alles ist wohldosiert. Die genaue Zusammensetzung ist nat\u00fcrlich ein Geheimnis!\u201c<\/p>\n\n\n\n<p class=\"wp-block-paragraph\">Der Senf schwimmt auf einer riesigen Erfolgswelle und wird allseits m\u00e4chtig gelobt. Er entwickelte sich rasant zu einem beliebten Mitbringsl der Urlaubsg\u00e4ste. Zu erwerben ist dieses Schmankerl nur in ausgew\u00e4hlten Metzgereien. Und eben im KaDeWe in Berlin sowie im <strong><a rel=\"noreferrer noopener\" href=\"https:\/\/www.arberland-bayerischer-wald.de\/kulinarisches-schaufenster-schmankerl-aus-der-region\/1637\/5353\/4222\" target=\"_blank\">kulinarischen Schaufenster der Region<\/a><\/strong>\u00a0in Zwiesel.<\/p>\n\n\n\n<figure class=\"wp-block-image\"><img decoding=\"async\" width=\"1024\" height=\"615\" src=\"https:\/\/www.weisswurstbayern.de\/wp-content\/uploads\/2018\/11\/0000-1-Power-Point-1024x615.jpg\" alt=\"\" class=\"wp-image-762\" srcset=\"https:\/\/www.weisswurstbayern.de\/wp-content\/uploads\/2018\/11\/0000-1-Power-Point-1024x615.jpg 1024w, https:\/\/www.weisswurstbayern.de\/wp-content\/uploads\/2018\/11\/0000-1-Power-Point-300x180.jpg 300w, https:\/\/www.weisswurstbayern.de\/wp-content\/uploads\/2018\/11\/0000-1-Power-Point-768x461.jpg 768w, https:\/\/www.weisswurstbayern.de\/wp-content\/uploads\/2018\/11\/0000-1-Power-Point.jpg 1082w\" sizes=\"(max-width: 1024px) 100vw, 1024px\" \/><figcaption><strong>Hier im KaDeWe in Berlin in der 6. Etage wird der Senf aus Bodenmais angeboten<\/strong><\/figcaption><\/figure>\n\n\n\n<p class=\"wp-block-paragraph\"><\/p>\n","protected":false},"excerpt":{"rendered":"<p>Der vielleicht beste Wei\u00dfwurstsenf der Welt im Berliner Gourmet-Tempel \u201eKaDeWe\u201c Bodenmais\/Berlin: Das ist quasi der Ritterschlag. Der in Bodenmais kreierte \u201eK\u00f6nigliche Wei\u00dfwurstsenf\u201c wird im gr\u00f6\u00dften Luxus-Kaufhaus \u201eKaDeWe\u201c auf der Gourmet-Etage im 6. Stock den Feinschmeckern aus aller Welt angeboten. Neben viel Lob auf Ministerebene, und mit einer Goldmedaille ausgezeichnet, ist ein Platz im \u201eKaDeWe\u201c f\u00fcr die Erfinder eine weitere Auszeichnung und auch Best\u00e4tigung, dass mit dieser Mixtur ein gro\u00dfer Wurf gelungen ist.&nbsp; Lieber Bertl. Der Senf ist echt der Kracher, und wenn du es vielleicht nicht h\u00f6ren m\u00f6chtest, er ist auch zum K\u00e4se eine Super Sache. Er passt voll dazu. Endlich mal ein s\u00fc\u00dfer Senf der Geschmack und Charakter hat. F\u00fcr mich der weltbeste Wei\u00dfwurstsenf. Wirklich toll. Herzlichen Gl\u00fcckwunsch Wolfgang M\u00fcller, Sternekoch aus Berlin Stefan Einsle, Innungsobermeister der\u00a0Metzgerinnung ArberLand und die Zwieseler Roswitha N\u00f6tzel und Albert Fritz sind nat\u00fcrlich stolz \u00fcber diesen Erfolg.\u00a0Stefan Einsle meint hierzu: \u201eDass unser Senf aus dem ArberLand dort pr\u00e4sentiert wird, erf\u00fcllt uns mit Stolz.\u201c\u00a0 Mit-Erfinderin Roswitha N\u00f6tzel erg\u00e4nzt, nicht weniger zufrieden:\u00a0\u201eDie viele Stunden des Testens, Kreierens und Wieder-Verwerfens, bis das Ergebnis unseren Vorstellungen entsprochen hat, haben sich bezahlt gemacht!\u201c Und was ist nun das Geheimis f\u00fcr den Erfolg dieses optimalen Begleiters der Wei\u00dfwurst?&nbsp; Gerhard Garnreiter, Chef der&nbsp;Senfmanufaktur Baumann bemerkt:&nbsp;\u201eSeine cremige Konsistenz, die leichte S\u00fc\u00dfe, Gew\u00fcrze, die so noch nicht in einem Senfrezept vorgekommen sind, und das dunkle Bier \u2013 im Abgang eine Spur Sch\u00e4rfe. Alles ist wohldosiert. Die genaue Zusammensetzung ist nat\u00fcrlich ein Geheimnis!\u201c Der Senf schwimmt auf einer riesigen Erfolgswelle und wird allseits m\u00e4chtig gelobt. Er entwickelte sich rasant zu einem beliebten Mitbringsl der Urlaubsg\u00e4ste. Zu erwerben ist dieses Schmankerl nur in ausgew\u00e4hlten Metzgereien. Und eben im KaDeWe in Berlin sowie im kulinarischen Schaufenster der Region\u00a0in Zwiesel.<\/p>\n","protected":false},"author":3,"featured_media":2955,"comment_status":"open","ping_status":"closed","sticky":false,"template":"","format":"standard","meta":{"ngg_post_thumbnail":0,"footnotes":""},"categories":[1],"tags":[458,358,642,302],"class_list":["post-760","post","type-post","status-publish","format-standard","has-post-thumbnail","hentry","category-aktuelles","tag-geheimrezept","tag-kadewe","tag-weltbester-koeniglicher-senf","tag-wolfgang-mueller"],"yoast_head":"<!-- This site is optimized with the Yoast SEO plugin v28.1 - https:\/\/yoast.com\/product\/yoast-seo-wordpress\/ -->\n<title>Weltbester Wei\u00dfwurstsenf - K\u00f6niglich bayr. Wei\u00dfwurst-Blog<\/title>\n<meta name=\"robots\" content=\"index, follow, max-snippet:-1, max-image-preview:large, max-video-preview:-1\" \/>\n<link rel=\"canonical\" href=\"https:\/\/www.weisswurstbayern.de\/?p=760\" \/>\n<meta property=\"og:locale\" content=\"de_DE\" \/>\n<meta property=\"og:type\" content=\"article\" \/>\n<meta property=\"og:title\" content=\"Weltbester Wei\u00dfwurstsenf - K\u00f6niglich bayr. Wei\u00dfwurst-Blog\" \/>\n<meta property=\"og:description\" content=\"Der vielleicht beste Wei\u00dfwurstsenf der Welt im Berliner Gourmet-Tempel \u201eKaDeWe\u201c Bodenmais\/Berlin: Das ist quasi der Ritterschlag. Der in Bodenmais kreierte \u201eK\u00f6nigliche Wei\u00dfwurstsenf\u201c wird im gr\u00f6\u00dften Luxus-Kaufhaus \u201eKaDeWe\u201c auf der Gourmet-Etage im 6. Stock den Feinschmeckern aus aller Welt angeboten. Neben viel Lob auf Ministerebene, und mit einer Goldmedaille ausgezeichnet, ist ein Platz im \u201eKaDeWe\u201c f\u00fcr die Erfinder eine weitere Auszeichnung und auch Best\u00e4tigung, dass mit dieser Mixtur ein gro\u00dfer Wurf gelungen ist.&nbsp; Lieber Bertl. Der Senf ist echt der Kracher, und wenn du es vielleicht nicht h\u00f6ren m\u00f6chtest, er ist auch zum K\u00e4se eine Super Sache. Er passt voll dazu. Endlich mal ein s\u00fc\u00dfer Senf der Geschmack und Charakter hat. F\u00fcr mich der weltbeste Wei\u00dfwurstsenf. Wirklich toll. Herzlichen Gl\u00fcckwunsch Wolfgang M\u00fcller, Sternekoch aus Berlin Stefan Einsle, Innungsobermeister der\u00a0Metzgerinnung ArberLand und die Zwieseler Roswitha N\u00f6tzel und Albert Fritz sind nat\u00fcrlich stolz \u00fcber diesen Erfolg.\u00a0Stefan Einsle meint hierzu: \u201eDass unser Senf aus dem ArberLand dort pr\u00e4sentiert wird, erf\u00fcllt uns mit Stolz.\u201c\u00a0 Mit-Erfinderin Roswitha N\u00f6tzel erg\u00e4nzt, nicht weniger zufrieden:\u00a0\u201eDie viele Stunden des Testens, Kreierens und Wieder-Verwerfens, bis das Ergebnis unseren Vorstellungen entsprochen hat, haben sich bezahlt gemacht!\u201c Und was ist nun das Geheimis f\u00fcr den Erfolg dieses optimalen Begleiters der Wei\u00dfwurst?&nbsp; Gerhard Garnreiter, Chef der&nbsp;Senfmanufaktur Baumann bemerkt:&nbsp;\u201eSeine cremige Konsistenz, die leichte S\u00fc\u00dfe, Gew\u00fcrze, die so noch nicht in einem Senfrezept vorgekommen sind, und das dunkle Bier \u2013 im Abgang eine Spur Sch\u00e4rfe. Alles ist wohldosiert. Die genaue Zusammensetzung ist nat\u00fcrlich ein Geheimnis!\u201c Der Senf schwimmt auf einer riesigen Erfolgswelle und wird allseits m\u00e4chtig gelobt. Er entwickelte sich rasant zu einem beliebten Mitbringsl der Urlaubsg\u00e4ste. Zu erwerben ist dieses Schmankerl nur in ausgew\u00e4hlten Metzgereien. Und eben im KaDeWe in Berlin sowie im kulinarischen Schaufenster der Region\u00a0in Zwiesel.\" \/>\n<meta property=\"og:url\" content=\"https:\/\/www.weisswurstbayern.de\/?p=760\" \/>\n<meta property=\"og:site_name\" content=\"K\u00f6niglich bayr. Wei\u00dfwurst-Blog\" \/>\n<meta property=\"article:published_time\" content=\"2018-11-22T11:39:41+00:00\" \/>\n<meta property=\"article:modified_time\" content=\"2020-11-09T21:36:33+00:00\" \/>\n<meta property=\"og:image\" content=\"https:\/\/www.weisswurstbayern.de\/wp-content\/uploads\/2018\/11\/0000000-Titelbild.png\" \/>\n\t<meta property=\"og:image:width\" content=\"1474\" \/>\n\t<meta property=\"og:image:height\" content=\"527\" \/>\n\t<meta property=\"og:image:type\" content=\"image\/png\" \/>\n<meta name=\"author\" content=\"Albert Fritz\" \/>\n<meta name=\"twitter:card\" content=\"summary_large_image\" \/>\n<meta name=\"twitter:label1\" content=\"Verfasst von\" \/>\n\t<meta name=\"twitter:data1\" content=\"Albert Fritz\" \/>\n\t<meta name=\"twitter:label2\" content=\"Gesch\u00e4tzte Lesezeit\" \/>\n\t<meta name=\"twitter:data2\" content=\"2\u00a0Minuten\" \/>\n<script type=\"application\/ld+json\" class=\"yoast-schema-graph\">{\"@context\":\"https:\\\/\\\/schema.org\",\"@graph\":[{\"@type\":\"Article\",\"@id\":\"https:\\\/\\\/www.weisswurstbayern.de\\\/?p=760#article\",\"isPartOf\":{\"@id\":\"https:\\\/\\\/www.weisswurstbayern.de\\\/?p=760\"},\"author\":{\"name\":\"Albert Fritz\",\"@id\":\"https:\\\/\\\/www.weisswurstbayern.de\\\/#\\\/schema\\\/person\\\/86d01ecff6b511eeee902a7690a523a6\"},\"headline\":\"Weltbester Wei\u00dfwurstsenf\",\"datePublished\":\"2018-11-22T11:39:41+00:00\",\"dateModified\":\"2020-11-09T21:36:33+00:00\",\"mainEntityOfPage\":{\"@id\":\"https:\\\/\\\/www.weisswurstbayern.de\\\/?p=760\"},\"wordCount\":351,\"commentCount\":0,\"image\":{\"@id\":\"https:\\\/\\\/www.weisswurstbayern.de\\\/?p=760#primaryimage\"},\"thumbnailUrl\":\"https:\\\/\\\/www.weisswurstbayern.de\\\/wp-content\\\/uploads\\\/2018\\\/11\\\/0000000-Titelbild.png\",\"keywords\":[\"Geheimrezept\",\"Kadewe\",\"Weltbester. K\u00f6niglicher Senf\",\"Wolfgang M\u00fcller\"],\"articleSection\":[\"Aktuelles\"],\"inLanguage\":\"de\",\"potentialAction\":[{\"@type\":\"CommentAction\",\"name\":\"Comment\",\"target\":[\"https:\\\/\\\/www.weisswurstbayern.de\\\/?p=760#respond\"]}]},{\"@type\":\"WebPage\",\"@id\":\"https:\\\/\\\/www.weisswurstbayern.de\\\/?p=760\",\"url\":\"https:\\\/\\\/www.weisswurstbayern.de\\\/?p=760\",\"name\":\"Weltbester Wei\u00dfwurstsenf - K\u00f6niglich bayr. Wei\u00dfwurst-Blog\",\"isPartOf\":{\"@id\":\"https:\\\/\\\/www.weisswurstbayern.de\\\/#website\"},\"primaryImageOfPage\":{\"@id\":\"https:\\\/\\\/www.weisswurstbayern.de\\\/?p=760#primaryimage\"},\"image\":{\"@id\":\"https:\\\/\\\/www.weisswurstbayern.de\\\/?p=760#primaryimage\"},\"thumbnailUrl\":\"https:\\\/\\\/www.weisswurstbayern.de\\\/wp-content\\\/uploads\\\/2018\\\/11\\\/0000000-Titelbild.png\",\"datePublished\":\"2018-11-22T11:39:41+00:00\",\"dateModified\":\"2020-11-09T21:36:33+00:00\",\"author\":{\"@id\":\"https:\\\/\\\/www.weisswurstbayern.de\\\/#\\\/schema\\\/person\\\/86d01ecff6b511eeee902a7690a523a6\"},\"inLanguage\":\"de\",\"potentialAction\":[{\"@type\":\"ReadAction\",\"target\":[\"https:\\\/\\\/www.weisswurstbayern.de\\\/?p=760\"]}]},{\"@type\":\"ImageObject\",\"inLanguage\":\"de\",\"@id\":\"https:\\\/\\\/www.weisswurstbayern.de\\\/?p=760#primaryimage\",\"url\":\"https:\\\/\\\/www.weisswurstbayern.de\\\/wp-content\\\/uploads\\\/2018\\\/11\\\/0000000-Titelbild.png\",\"contentUrl\":\"https:\\\/\\\/www.weisswurstbayern.de\\\/wp-content\\\/uploads\\\/2018\\\/11\\\/0000000-Titelbild.png\",\"width\":1474,\"height\":527},{\"@type\":\"WebSite\",\"@id\":\"https:\\\/\\\/www.weisswurstbayern.de\\\/#website\",\"url\":\"https:\\\/\\\/www.weisswurstbayern.de\\\/\",\"name\":\"K\u00f6niglich bayr. Wei\u00dfwurst-Blog\",\"description\":\"Der Wei\u00dfwurst\u00e4quator: Umfassendes Wissen rund um die Wei\u00dfwurst!\",\"potentialAction\":[{\"@type\":\"SearchAction\",\"target\":{\"@type\":\"EntryPoint\",\"urlTemplate\":\"https:\\\/\\\/www.weisswurstbayern.de\\\/?s={search_term_string}\"},\"query-input\":{\"@type\":\"PropertyValueSpecification\",\"valueRequired\":true,\"valueName\":\"search_term_string\"}}],\"inLanguage\":\"de\"},{\"@type\":\"Person\",\"@id\":\"https:\\\/\\\/www.weisswurstbayern.de\\\/#\\\/schema\\\/person\\\/86d01ecff6b511eeee902a7690a523a6\",\"name\":\"Albert Fritz\",\"image\":{\"@type\":\"ImageObject\",\"inLanguage\":\"de\",\"@id\":\"https:\\\/\\\/secure.gravatar.com\\\/avatar\\\/a66c472f936bd8858398bae6254839eafdac746617ecd95477804ca0481e7fbe?s=96&d=retro&r=g\",\"url\":\"https:\\\/\\\/secure.gravatar.com\\\/avatar\\\/a66c472f936bd8858398bae6254839eafdac746617ecd95477804ca0481e7fbe?s=96&d=retro&r=g\",\"contentUrl\":\"https:\\\/\\\/secure.gravatar.com\\\/avatar\\\/a66c472f936bd8858398bae6254839eafdac746617ecd95477804ca0481e7fbe?s=96&d=retro&r=g\",\"caption\":\"Albert Fritz\"},\"sameAs\":[\"https:\\\/\\\/www.weisswurstbayern.de\"],\"url\":\"https:\\\/\\\/www.weisswurstbayern.de\\\/?author=3\"}]}<\/script>\n<!-- \/ Yoast SEO plugin. -->","yoast_head_json":{"title":"Weltbester Wei\u00dfwurstsenf - K\u00f6niglich bayr. Wei\u00dfwurst-Blog","robots":{"index":"index","follow":"follow","max-snippet":"max-snippet:-1","max-image-preview":"max-image-preview:large","max-video-preview":"max-video-preview:-1"},"canonical":"https:\/\/www.weisswurstbayern.de\/?p=760","og_locale":"de_DE","og_type":"article","og_title":"Weltbester Wei\u00dfwurstsenf - K\u00f6niglich bayr. Wei\u00dfwurst-Blog","og_description":"Der vielleicht beste Wei\u00dfwurstsenf der Welt im Berliner Gourmet-Tempel \u201eKaDeWe\u201c Bodenmais\/Berlin: Das ist quasi der Ritterschlag. Der in Bodenmais kreierte \u201eK\u00f6nigliche Wei\u00dfwurstsenf\u201c wird im gr\u00f6\u00dften Luxus-Kaufhaus \u201eKaDeWe\u201c auf der Gourmet-Etage im 6. Stock den Feinschmeckern aus aller Welt angeboten. Neben viel Lob auf Ministerebene, und mit einer Goldmedaille ausgezeichnet, ist ein Platz im \u201eKaDeWe\u201c f\u00fcr die Erfinder eine weitere Auszeichnung und auch Best\u00e4tigung, dass mit dieser Mixtur ein gro\u00dfer Wurf gelungen ist.&nbsp; Lieber Bertl. Der Senf ist echt der Kracher, und wenn du es vielleicht nicht h\u00f6ren m\u00f6chtest, er ist auch zum K\u00e4se eine Super Sache. Er passt voll dazu. Endlich mal ein s\u00fc\u00dfer Senf der Geschmack und Charakter hat. F\u00fcr mich der weltbeste Wei\u00dfwurstsenf. Wirklich toll. Herzlichen Gl\u00fcckwunsch Wolfgang M\u00fcller, Sternekoch aus Berlin Stefan Einsle, Innungsobermeister der\u00a0Metzgerinnung ArberLand und die Zwieseler Roswitha N\u00f6tzel und Albert Fritz sind nat\u00fcrlich stolz \u00fcber diesen Erfolg.\u00a0Stefan Einsle meint hierzu: \u201eDass unser Senf aus dem ArberLand dort pr\u00e4sentiert wird, erf\u00fcllt uns mit Stolz.\u201c\u00a0 Mit-Erfinderin Roswitha N\u00f6tzel erg\u00e4nzt, nicht weniger zufrieden:\u00a0\u201eDie viele Stunden des Testens, Kreierens und Wieder-Verwerfens, bis das Ergebnis unseren Vorstellungen entsprochen hat, haben sich bezahlt gemacht!\u201c Und was ist nun das Geheimis f\u00fcr den Erfolg dieses optimalen Begleiters der Wei\u00dfwurst?&nbsp; Gerhard Garnreiter, Chef der&nbsp;Senfmanufaktur Baumann bemerkt:&nbsp;\u201eSeine cremige Konsistenz, die leichte S\u00fc\u00dfe, Gew\u00fcrze, die so noch nicht in einem Senfrezept vorgekommen sind, und das dunkle Bier \u2013 im Abgang eine Spur Sch\u00e4rfe. Alles ist wohldosiert. Die genaue Zusammensetzung ist nat\u00fcrlich ein Geheimnis!\u201c Der Senf schwimmt auf einer riesigen Erfolgswelle und wird allseits m\u00e4chtig gelobt. Er entwickelte sich rasant zu einem beliebten Mitbringsl der Urlaubsg\u00e4ste. Zu erwerben ist dieses Schmankerl nur in ausgew\u00e4hlten Metzgereien. Und eben im KaDeWe in Berlin sowie im kulinarischen Schaufenster der Region\u00a0in Zwiesel.","og_url":"https:\/\/www.weisswurstbayern.de\/?p=760","og_site_name":"K\u00f6niglich bayr. Wei\u00dfwurst-Blog","article_published_time":"2018-11-22T11:39:41+00:00","article_modified_time":"2020-11-09T21:36:33+00:00","og_image":[{"width":1474,"height":527,"url":"https:\/\/www.weisswurstbayern.de\/wp-content\/uploads\/2018\/11\/0000000-Titelbild.png","type":"image\/png"}],"author":"Albert Fritz","twitter_card":"summary_large_image","twitter_misc":{"Verfasst von":"Albert Fritz","Gesch\u00e4tzte Lesezeit":"2\u00a0Minuten"},"schema":{"@context":"https:\/\/schema.org","@graph":[{"@type":"Article","@id":"https:\/\/www.weisswurstbayern.de\/?p=760#article","isPartOf":{"@id":"https:\/\/www.weisswurstbayern.de\/?p=760"},"author":{"name":"Albert Fritz","@id":"https:\/\/www.weisswurstbayern.de\/#\/schema\/person\/86d01ecff6b511eeee902a7690a523a6"},"headline":"Weltbester Wei\u00dfwurstsenf","datePublished":"2018-11-22T11:39:41+00:00","dateModified":"2020-11-09T21:36:33+00:00","mainEntityOfPage":{"@id":"https:\/\/www.weisswurstbayern.de\/?p=760"},"wordCount":351,"commentCount":0,"image":{"@id":"https:\/\/www.weisswurstbayern.de\/?p=760#primaryimage"},"thumbnailUrl":"https:\/\/www.weisswurstbayern.de\/wp-content\/uploads\/2018\/11\/0000000-Titelbild.png","keywords":["Geheimrezept","Kadewe","Weltbester. K\u00f6niglicher Senf","Wolfgang M\u00fcller"],"articleSection":["Aktuelles"],"inLanguage":"de","potentialAction":[{"@type":"CommentAction","name":"Comment","target":["https:\/\/www.weisswurstbayern.de\/?p=760#respond"]}]},{"@type":"WebPage","@id":"https:\/\/www.weisswurstbayern.de\/?p=760","url":"https:\/\/www.weisswurstbayern.de\/?p=760","name":"Weltbester Wei\u00dfwurstsenf - K\u00f6niglich bayr. Wei\u00dfwurst-Blog","isPartOf":{"@id":"https:\/\/www.weisswurstbayern.de\/#website"},"primaryImageOfPage":{"@id":"https:\/\/www.weisswurstbayern.de\/?p=760#primaryimage"},"image":{"@id":"https:\/\/www.weisswurstbayern.de\/?p=760#primaryimage"},"thumbnailUrl":"https:\/\/www.weisswurstbayern.de\/wp-content\/uploads\/2018\/11\/0000000-Titelbild.png","datePublished":"2018-11-22T11:39:41+00:00","dateModified":"2020-11-09T21:36:33+00:00","author":{"@id":"https:\/\/www.weisswurstbayern.de\/#\/schema\/person\/86d01ecff6b511eeee902a7690a523a6"},"inLanguage":"de","potentialAction":[{"@type":"ReadAction","target":["https:\/\/www.weisswurstbayern.de\/?p=760"]}]},{"@type":"ImageObject","inLanguage":"de","@id":"https:\/\/www.weisswurstbayern.de\/?p=760#primaryimage","url":"https:\/\/www.weisswurstbayern.de\/wp-content\/uploads\/2018\/11\/0000000-Titelbild.png","contentUrl":"https:\/\/www.weisswurstbayern.de\/wp-content\/uploads\/2018\/11\/0000000-Titelbild.png","width":1474,"height":527},{"@type":"WebSite","@id":"https:\/\/www.weisswurstbayern.de\/#website","url":"https:\/\/www.weisswurstbayern.de\/","name":"K\u00f6niglich bayr. Wei\u00dfwurst-Blog","description":"Der Wei\u00dfwurst\u00e4quator: Umfassendes Wissen rund um die Wei\u00dfwurst!","potentialAction":[{"@type":"SearchAction","target":{"@type":"EntryPoint","urlTemplate":"https:\/\/www.weisswurstbayern.de\/?s={search_term_string}"},"query-input":{"@type":"PropertyValueSpecification","valueRequired":true,"valueName":"search_term_string"}}],"inLanguage":"de"},{"@type":"Person","@id":"https:\/\/www.weisswurstbayern.de\/#\/schema\/person\/86d01ecff6b511eeee902a7690a523a6","name":"Albert Fritz","image":{"@type":"ImageObject","inLanguage":"de","@id":"https:\/\/secure.gravatar.com\/avatar\/a66c472f936bd8858398bae6254839eafdac746617ecd95477804ca0481e7fbe?s=96&d=retro&r=g","url":"https:\/\/secure.gravatar.com\/avatar\/a66c472f936bd8858398bae6254839eafdac746617ecd95477804ca0481e7fbe?s=96&d=retro&r=g","contentUrl":"https:\/\/secure.gravatar.com\/avatar\/a66c472f936bd8858398bae6254839eafdac746617ecd95477804ca0481e7fbe?s=96&d=retro&r=g","caption":"Albert Fritz"},"sameAs":["https:\/\/www.weisswurstbayern.de"],"url":"https:\/\/www.weisswurstbayern.de\/?author=3"}]}},"publishpress_future_action":{"enabled":false,"date":"2026-09-09 06:16:04","action":"change-status","newStatus":"draft","terms":[],"taxonomy":"category","extraData":[]},"publishpress_future_workflow_manual_trigger":{"enabledWorkflows":[]},"_links":{"self":[{"href":"https:\/\/www.weisswurstbayern.de\/index.php?rest_route=\/wp\/v2\/posts\/760","targetHints":{"allow":["GET"]}}],"collection":[{"href":"https:\/\/www.weisswurstbayern.de\/index.php?rest_route=\/wp\/v2\/posts"}],"about":[{"href":"https:\/\/www.weisswurstbayern.de\/index.php?rest_route=\/wp\/v2\/types\/post"}],"author":[{"embeddable":true,"href":"https:\/\/www.weisswurstbayern.de\/index.php?rest_route=\/wp\/v2\/users\/3"}],"replies":[{"embeddable":true,"href":"https:\/\/www.weisswurstbayern.de\/index.php?rest_route=%2Fwp%2Fv2%2Fcomments&post=760"}],"version-history":[{"count":19,"href":"https:\/\/www.weisswurstbayern.de\/index.php?rest_route=\/wp\/v2\/posts\/760\/revisions"}],"predecessor-version":[{"id":3614,"href":"https:\/\/www.weisswurstbayern.de\/index.php?rest_route=\/wp\/v2\/posts\/760\/revisions\/3614"}],"wp:featuredmedia":[{"embeddable":true,"href":"https:\/\/www.weisswurstbayern.de\/index.php?rest_route=\/wp\/v2\/media\/2955"}],"wp:attachment":[{"href":"https:\/\/www.weisswurstbayern.de\/index.php?rest_route=%2Fwp%2Fv2%2Fmedia&parent=760"}],"wp:term":[{"taxonomy":"category","embeddable":true,"href":"https:\/\/www.weisswurstbayern.de\/index.php?rest_route=%2Fwp%2Fv2%2Fcategories&post=760"},{"taxonomy":"post_tag","embeddable":true,"href":"https:\/\/www.weisswurstbayern.de\/index.php?rest_route=%2Fwp%2Fv2%2Ftags&post=760"}],"curies":[{"name":"wp","href":"https:\/\/api.w.org\/{rel}","templated":true}]}}